{"id":142,"date":"2022-03-29T12:04:31","date_gmt":"2022-03-29T12:04:31","guid":{"rendered":"http:\/\/www.uasandalucia.es\/?post_type=news&#038;p=142"},"modified":"2022-03-30T06:34:27","modified_gmt":"2022-03-30T06:34:27","slug":"la-policia-local-de-carmona-tendra-una-unidad-de-drones","status":"publish","type":"news","link":"https:\/\/www.uasandalucia.es\/index.php\/news\/la-policia-local-de-carmona-tendra-una-unidad-de-drones\/","title":{"rendered":"LA POLIC\u00cdA LOCAL DE CARMONA TENDR\u00c1 UNA UNIDAD DE DRONES"},"content":{"rendered":"\n<p>11 de Febrero de 2021<\/p>\n\n\n\n<p>La Delegaci\u00f3n de Seguridad Ciudadana del Ayuntamiento de Carmona&nbsp;ha anunciado la implantaci\u00f3n de una unidad de drones en la Polic\u00eda Local.<br>Junto a la jefatura de la Polic\u00eda Local, ya se ha solicitado la colaboraci\u00f3n a la unidad Hermes, de la Polic\u00eda de Isla Cristina, para desarrollar un proyecto de uso y normativa, como el que la localidad onubense ya tiene implantado desde hace a\u00f1os.<\/p>\n\n\n\n<figure class=\"wp-block-image size-large\"><img fetchpriority=\"high\" decoding=\"async\" width=\"1024\" height=\"655\" src=\"http:\/\/www.uasandalucia.es\/wp-content\/uploads\/2022\/03\/Policia_Carmona-1024x655.webp\" alt=\"\" class=\"wp-image-145\" srcset=\"https:\/\/www.uasandalucia.es\/wp-content\/uploads\/2022\/03\/Policia_Carmona-1024x655.webp 1024w, https:\/\/www.uasandalucia.es\/wp-content\/uploads\/2022\/03\/Policia_Carmona-300x192.webp 300w, https:\/\/www.uasandalucia.es\/wp-content\/uploads\/2022\/03\/Policia_Carmona-768x491.webp 768w, https:\/\/www.uasandalucia.es\/wp-content\/uploads\/2022\/03\/Policia_Carmona.webp 1189w\" sizes=\"(max-width: 1024px) 100vw, 1024px\" \/><\/figure>\n","protected":false},"excerpt":{"rendered":"<p>11 de Febrero de 2021 La Delegaci\u00f3n de Seguridad Ciudadana del Ayuntamiento de Carmona&nbsp;ha anunciado la implantaci\u00f3n de una unidad de drones en la Polic\u00eda Local.Junto a la jefatura de la Polic\u00eda Local, ya se ha solicitado la colaboraci\u00f3n a la unidad Hermes, de la Polic\u00eda de Isla Cristina, para desarrollar un proyecto de uso [&hellip;]<\/p>\n","protected":false},"author":1,"featured_media":145,"comment_status":"open","ping_status":"closed","template":"","categories":[],"newstags":[],"class_list":["post-142","news","type-news","status-publish","has-post-thumbnail","czr-hentry"],"_links":{"self":[{"href":"https:\/\/www.uasandalucia.es\/index.php\/wp-json\/wp\/v2\/news\/142","targetHints":{"allow":["GET"]}}],"collection":[{"href":"https:\/\/www.uasandalucia.es\/index.php\/wp-json\/wp\/v2\/news"}],"about":[{"href":"https:\/\/www.uasandalucia.es\/index.php\/wp-json\/wp\/v2\/types\/news"}],"author":[{"embeddable":true,"href":"https:\/\/www.uasandalucia.es\/index.php\/wp-json\/wp\/v2\/users\/1"}],"replies":[{"embeddable":true,"href":"https:\/\/www.uasandalucia.es\/index.php\/wp-json\/wp\/v2\/comments?post=142"}],"wp:featuredmedia":[{"embeddable":true,"href":"https:\/\/www.uasandalucia.es\/index.php\/wp-json\/wp\/v2\/media\/145"}],"wp:attachment":[{"href":"https:\/\/www.uasandalucia.es\/index.php\/wp-json\/wp\/v2\/media?parent=142"}],"wp:term":[{"taxonomy":"category","embeddable":true,"href":"https:\/\/www.uasandalucia.es\/index.php\/wp-json\/wp\/v2\/categories?post=142"},{"taxonomy":"newstags","embeddable":true,"href":"https:\/\/www.uasandalucia.es\/index.php\/wp-json\/wp\/v2\/newstags?post=142"}],"curies":[{"name":"wp","href":"https:\/\/api.w.org\/{rel}","templated":true}]}}