{"id":147,"date":"2022-03-29T12:12:47","date_gmt":"2022-03-29T12:12:47","guid":{"rendered":"http:\/\/www.uasandalucia.es\/?post_type=news&#038;p=147"},"modified":"2022-03-30T06:34:14","modified_gmt":"2022-03-30T06:34:14","slug":"servicios-de-seguridad-y-emergencias-de-toda-andalucia-se-forman-en-el-uso-de-drones-en-isla-cristina","status":"publish","type":"news","link":"https:\/\/www.uasandalucia.es\/index.php\/news\/servicios-de-seguridad-y-emergencias-de-toda-andalucia-se-forman-en-el-uso-de-drones-en-isla-cristina\/","title":{"rendered":"SERVICIOS DE SEGURIDAD Y EMERGENCIAS DE TODA ANDALUC\u00cdA SE FORMAN EN EL USO DE DRONES EN ISLA CRISTINA"},"content":{"rendered":"\n<p>17 de Junio de 2021<\/p>\n\n\n\n<p>En las primeras jornadas&nbsp;<strong>JEDRON&nbsp;2021<\/strong>, que se prolongar\u00e1n hasta este domingo, participan un centenar de polic\u00edas locales y nacionales, bomberos, nacionales, guardias civiles y miembros de protecci\u00f3n y otros servicios de emergencias de todas las provincias Andaluzas.<\/p>\n\n\n\n<p>\u00abHan&nbsp;llegado para quedarse\u00bb, as\u00ed de contundente se mostr\u00f3 ayer en Isla Cristina la&nbsp;presidenta de la Diputaci\u00f3n de Huelva, Mar\u00eda Eugenia Lim\u00f3n durante la inauguraci\u00f3n de las Jornadas.<\/p>\n\n\n\n<figure class=\"wp-block-image size-full\"><img fetchpriority=\"high\" decoding=\"async\" width=\"463\" height=\"373\" src=\"http:\/\/www.uasandalucia.es\/wp-content\/uploads\/2022\/03\/Personas1.webp\" alt=\"\" class=\"wp-image-9\" srcset=\"https:\/\/www.uasandalucia.es\/wp-content\/uploads\/2022\/03\/Personas1.webp 463w, https:\/\/www.uasandalucia.es\/wp-content\/uploads\/2022\/03\/Personas1-300x242.webp 300w\" sizes=\"(max-width: 463px) 100vw, 463px\" \/><\/figure>\n","protected":false},"excerpt":{"rendered":"<p>17 de Junio de 2021 En las primeras jornadas&nbsp;JEDRON&nbsp;2021, que se prolongar\u00e1n hasta este domingo, participan un centenar de polic\u00edas locales y nacionales, bomberos, nacionales, guardias civiles y miembros de protecci\u00f3n y otros servicios de emergencias de todas las provincias Andaluzas. \u00abHan&nbsp;llegado para quedarse\u00bb, as\u00ed de contundente se mostr\u00f3 ayer en Isla Cristina la&nbsp;presidenta de [&hellip;]<\/p>\n","protected":false},"author":1,"featured_media":9,"comment_status":"open","ping_status":"closed","template":"","categories":[],"newstags":[],"class_list":["post-147","news","type-news","status-publish","has-post-thumbnail","czr-hentry"],"_links":{"self":[{"href":"https:\/\/www.uasandalucia.es\/index.php\/wp-json\/wp\/v2\/news\/147","targetHints":{"allow":["GET"]}}],"collection":[{"href":"https:\/\/www.uasandalucia.es\/index.php\/wp-json\/wp\/v2\/news"}],"about":[{"href":"https:\/\/www.uasandalucia.es\/index.php\/wp-json\/wp\/v2\/types\/news"}],"author":[{"embeddable":true,"href":"https:\/\/www.uasandalucia.es\/index.php\/wp-json\/wp\/v2\/users\/1"}],"replies":[{"embeddable":true,"href":"https:\/\/www.uasandalucia.es\/index.php\/wp-json\/wp\/v2\/comments?post=147"}],"wp:featuredmedia":[{"embeddable":true,"href":"https:\/\/www.uasandalucia.es\/index.php\/wp-json\/wp\/v2\/media\/9"}],"wp:attachment":[{"href":"https:\/\/www.uasandalucia.es\/index.php\/wp-json\/wp\/v2\/media?parent=147"}],"wp:term":[{"taxonomy":"category","embeddable":true,"href":"https:\/\/www.uasandalucia.es\/index.php\/wp-json\/wp\/v2\/categories?post=147"},{"taxonomy":"newstags","embeddable":true,"href":"https:\/\/www.uasandalucia.es\/index.php\/wp-json\/wp\/v2\/newstags?post=147"}],"curies":[{"name":"wp","href":"https:\/\/api.w.org\/{rel}","templated":true}]}}