{"id":148,"date":"2022-03-29T12:14:24","date_gmt":"2022-03-29T12:14:24","guid":{"rendered":"http:\/\/www.uasandalucia.es\/?post_type=news&#038;p=148"},"modified":"2022-03-30T06:33:46","modified_gmt":"2022-03-30T06:33:46","slug":"nace-una-nueva-asociacion-de-unidades-aereas-de-seguridad-de-andalucia-presidida-por-un-agente-isleno","status":"publish","type":"news","link":"https:\/\/www.uasandalucia.es\/index.php\/news\/nace-una-nueva-asociacion-de-unidades-aereas-de-seguridad-de-andalucia-presidida-por-un-agente-isleno\/","title":{"rendered":"NACE UNA NUEVA ASOCIACI\u00d3N DE UNIDADES A\u00c9REAS DE SEGURIDAD DE ANDALUC\u00cdA PRESIDIDA POR UN AGENTE ISLE\u00d1O"},"content":{"rendered":"\n<p>11 de noviembre de 2023<\/p>\n\n\n\n<p>El pasado martes se constitu\u00eda una nueva asociaci\u00f3n a constituci\u00f3n de la Asociaci\u00f3n de Unidades A\u00e9reas de Seguridad de Andaluc\u00eda (UAS), que se en un acto que tuvo lugar en la localidad sevillana de&nbsp; Carmona y que estuvo presidido por el&nbsp; Viceconsejero de la Consejer\u00eda de Presidencia, Administraci\u00f3n P\u00fablica e Interior de la Junta de Andaluc\u00eda, Antonio Sanz Cabello.&nbsp;<br>Asimismo y dando apoyo a la creaci\u00f3n de esta nueva asociaci\u00f3n se encontraban, el Director General de Emergencias y Protecci\u00f3n Civil, Agust\u00edn Mu\u00f1oz Mart\u00edn, el Director General de Interior y Espect\u00e1culos P\u00fablicos, Miguel Briones Artacho, la Directora de la IESPA, Asunci\u00f3n Gr\u00e1valos Gastaminza, el Fiscal Superior de Seguridad Vial de Andaluc\u00eda, Ceuta y Melilla, . Luis Carlos Rodr\u00edguez Le\u00f3n y el Alcalde del Ayuntamiento de Carmona Juan Manuel \u00c1vila Guti\u00e9rrez.<br>El acto cont\u00f3 con la asistencia de m\u00e1s de cuarenta personas, entre las cuales hab\u00eda representantes de Polic\u00edas Locales de todas las Provincias de Andaluc\u00eda, Polic\u00eda Portuaria de la Agencia P\u00fablica de Puertos de Andaluc\u00eda, as\u00ed como sus Jefes y Delegados de Seguridad Ciudadana.<\/p>\n\n\n\n<figure class=\"wp-block-image size-large\"><img fetchpriority=\"high\" decoding=\"async\" width=\"998\" height=\"1024\" src=\"http:\/\/www.uasandalucia.es\/wp-content\/uploads\/2022\/03\/Nueva_Asociacion-998x1024.webp\" alt=\"\" class=\"wp-image-149\" srcset=\"https:\/\/www.uasandalucia.es\/wp-content\/uploads\/2022\/03\/Nueva_Asociacion-998x1024.webp 998w, https:\/\/www.uasandalucia.es\/wp-content\/uploads\/2022\/03\/Nueva_Asociacion-292x300.webp 292w, https:\/\/www.uasandalucia.es\/wp-content\/uploads\/2022\/03\/Nueva_Asociacion-768x788.webp 768w, https:\/\/www.uasandalucia.es\/wp-content\/uploads\/2022\/03\/Nueva_Asociacion.webp 1189w\" sizes=\"(max-width: 998px) 100vw, 998px\" \/><\/figure>\n","protected":false},"excerpt":{"rendered":"<p>11 de noviembre de 2023 El pasado martes se constitu\u00eda una nueva asociaci\u00f3n a constituci\u00f3n de la Asociaci\u00f3n de Unidades A\u00e9reas de Seguridad de Andaluc\u00eda (UAS), que se en un acto que tuvo lugar en la localidad sevillana de&nbsp; Carmona y que estuvo presidido por el&nbsp; Viceconsejero de la Consejer\u00eda de Presidencia, Administraci\u00f3n P\u00fablica e [&hellip;]<\/p>\n","protected":false},"author":1,"featured_media":149,"comment_status":"open","ping_status":"closed","template":"","categories":[],"newstags":[],"class_list":["post-148","news","type-news","status-publish","has-post-thumbnail","czr-hentry"],"_links":{"self":[{"href":"https:\/\/www.uasandalucia.es\/index.php\/wp-json\/wp\/v2\/news\/148","targetHints":{"allow":["GET"]}}],"collection":[{"href":"https:\/\/www.uasandalucia.es\/index.php\/wp-json\/wp\/v2\/news"}],"about":[{"href":"https:\/\/www.uasandalucia.es\/index.php\/wp-json\/wp\/v2\/types\/news"}],"author":[{"embeddable":true,"href":"https:\/\/www.uasandalucia.es\/index.php\/wp-json\/wp\/v2\/users\/1"}],"replies":[{"embeddable":true,"href":"https:\/\/www.uasandalucia.es\/index.php\/wp-json\/wp\/v2\/comments?post=148"}],"wp:featuredmedia":[{"embeddable":true,"href":"https:\/\/www.uasandalucia.es\/index.php\/wp-json\/wp\/v2\/media\/149"}],"wp:attachment":[{"href":"https:\/\/www.uasandalucia.es\/index.php\/wp-json\/wp\/v2\/media?parent=148"}],"wp:term":[{"taxonomy":"category","embeddable":true,"href":"https:\/\/www.uasandalucia.es\/index.php\/wp-json\/wp\/v2\/categories?post=148"},{"taxonomy":"newstags","embeddable":true,"href":"https:\/\/www.uasandalucia.es\/index.php\/wp-json\/wp\/v2\/newstags?post=148"}],"curies":[{"name":"wp","href":"https:\/\/api.w.org\/{rel}","templated":true}]}}