{"id":191,"date":"2022-03-30T06:36:42","date_gmt":"2022-03-30T06:36:42","guid":{"rendered":"http:\/\/www.uasandalucia.es\/?post_type=news&#038;p=191"},"modified":"2022-03-30T06:36:43","modified_gmt":"2022-03-30T06:36:43","slug":"alcala-de-guadaira-contara-con-un-dron-que-buscara-a-personas-desaparecidas-gracias-a-su-camara-termica","status":"publish","type":"news","link":"https:\/\/www.uasandalucia.es\/index.php\/news\/alcala-de-guadaira-contara-con-un-dron-que-buscara-a-personas-desaparecidas-gracias-a-su-camara-termica\/","title":{"rendered":"ALCAL\u00c1 DE GUADA\u00cdRA CONTAR\u00c1 CON UN DRON QUE BUSCAR\u00c1 A PERSONAS DESAPARECIDAS GRACIAS A SU C\u00c1MARA T\u00c9RMICA"},"content":{"rendered":"\n<p>19 de Noviembre de 2021<\/p>\n\n\n\n<p>El Ayuntamiento de\u00a0Alcal\u00e1 de Guada\u00edra\u00a0ha presentado este pasado jueves el nuevo dispositivo para la\u00a0Polic\u00eda Local, un\u00a0dron\u00a0que \u00absupondr\u00e1 un extra en la seguridad p\u00fablica y policial. Se trata de un elemento novedoso que ayudar\u00e1 a reforzar la vigilancia en nuestra ciudad a trav\u00e9s de las im\u00e1genes a\u00e9reas\u00bb.<br>As\u00ed lo ha explicado la alcaldesa,\u00a0Ana Isabel Jim\u00e9nez, quien ha manifestado que \u00aben una ciudad tan extensa como la nuestra, disponer de este sistema resulta de\u00a0gran utilidad\u00a0porque facilitar\u00e1 sin duda la intervenci\u00f3n de la polic\u00eda\u00bb.<br>La alcaldesa ha comprobado la capacidad de trabajo del nuevo dispositivo acompa\u00f1ada por la delegada de Gobernaci\u00f3n Mar\u00eda Jos\u00e9 Morilla, parte del Gobierno local y el intendente de la Jefatura, Gabriel Solano.<\/p>\n\n\n\n<figure class=\"wp-block-image size-large\"><img fetchpriority=\"high\" decoding=\"async\" width=\"1024\" height=\"896\" src=\"http:\/\/www.uasandalucia.es\/wp-content\/uploads\/2022\/03\/Personas_Alcala-1024x896.webp\" alt=\"\" class=\"wp-image-192\" srcset=\"https:\/\/www.uasandalucia.es\/wp-content\/uploads\/2022\/03\/Personas_Alcala-1024x896.webp 1024w, https:\/\/www.uasandalucia.es\/wp-content\/uploads\/2022\/03\/Personas_Alcala-300x262.webp 300w, https:\/\/www.uasandalucia.es\/wp-content\/uploads\/2022\/03\/Personas_Alcala-768x672.webp 768w, https:\/\/www.uasandalucia.es\/wp-content\/uploads\/2022\/03\/Personas_Alcala.webp 1189w\" sizes=\"(max-width: 1024px) 100vw, 1024px\" \/><\/figure>\n","protected":false},"excerpt":{"rendered":"<p>19 de Noviembre de 2021 El Ayuntamiento de\u00a0Alcal\u00e1 de Guada\u00edra\u00a0ha presentado este pasado jueves el nuevo dispositivo para la\u00a0Polic\u00eda Local, un\u00a0dron\u00a0que \u00absupondr\u00e1 un extra en la seguridad p\u00fablica y policial. Se trata de un elemento novedoso que ayudar\u00e1 a reforzar la vigilancia en nuestra ciudad a trav\u00e9s de las im\u00e1genes a\u00e9reas\u00bb.As\u00ed lo ha explicado la [&hellip;]<\/p>\n","protected":false},"author":1,"featured_media":192,"comment_status":"open","ping_status":"closed","template":"","categories":[],"newstags":[],"class_list":["post-191","news","type-news","status-publish","has-post-thumbnail","czr-hentry"],"_links":{"self":[{"href":"https:\/\/www.uasandalucia.es\/index.php\/wp-json\/wp\/v2\/news\/191","targetHints":{"allow":["GET"]}}],"collection":[{"href":"https:\/\/www.uasandalucia.es\/index.php\/wp-json\/wp\/v2\/news"}],"about":[{"href":"https:\/\/www.uasandalucia.es\/index.php\/wp-json\/wp\/v2\/types\/news"}],"author":[{"embeddable":true,"href":"https:\/\/www.uasandalucia.es\/index.php\/wp-json\/wp\/v2\/users\/1"}],"replies":[{"embeddable":true,"href":"https:\/\/www.uasandalucia.es\/index.php\/wp-json\/wp\/v2\/comments?post=191"}],"wp:featuredmedia":[{"embeddable":true,"href":"https:\/\/www.uasandalucia.es\/index.php\/wp-json\/wp\/v2\/media\/192"}],"wp:attachment":[{"href":"https:\/\/www.uasandalucia.es\/index.php\/wp-json\/wp\/v2\/media?parent=191"}],"wp:term":[{"taxonomy":"category","embeddable":true,"href":"https:\/\/www.uasandalucia.es\/index.php\/wp-json\/wp\/v2\/categories?post=191"},{"taxonomy":"newstags","embeddable":true,"href":"https:\/\/www.uasandalucia.es\/index.php\/wp-json\/wp\/v2\/newstags?post=191"}],"curies":[{"name":"wp","href":"https:\/\/api.w.org\/{rel}","templated":true}]}}