{"id":193,"date":"2022-03-30T06:38:25","date_gmt":"2022-03-30T06:38:25","guid":{"rendered":"http:\/\/www.uasandalucia.es\/?post_type=news&#038;p=193"},"modified":"2022-03-30T06:38:25","modified_gmt":"2022-03-30T06:38:25","slug":"la-policia-local-de-benalmadena-incorpora-al-servicio-una-nueva-unidad-con-dos-drones","status":"publish","type":"news","link":"https:\/\/www.uasandalucia.es\/index.php\/news\/la-policia-local-de-benalmadena-incorpora-al-servicio-una-nueva-unidad-con-dos-drones\/","title":{"rendered":"LA POLIC\u00cdA LOCAL DE BENALM\u00c1DENA INCORPORA AL SERVICIO UNA NUEVA UNIDAD CON DOS DRONES"},"content":{"rendered":"\n<p>15 de Diciembre de 2021<\/p>\n\n\n\n<p>El concejal de Seguridad, Javier Mar\u00edn; y el jefe de la Polic\u00eda Local de Benalm\u00e1dena, Francisco Zamora, junto a los cinco agentes que integran la nueva Unidad \u00c1guila, presentaron ayer por la ma\u00f1ana los dos drones de vigilancia que acaban de incorporar al servicio.<br>\u201cNuestra Polic\u00eda Local cuenta desde hoy con una nueva unidad de drones, la Unidad \u00c1guila, tras realizar el Ayuntamiento una inversi\u00f3n de m\u00e1s de 14.000 euros para adquirir dos drones\u201d, inform\u00f3 Mar\u00edn.<br>\u201cUno de los drones est\u00e1 dotado con una c\u00e1mara t\u00e9rmica, y ambos cuentan con un altavoz que permite a los agentes comunicarse en cualquier momento con una persona\u201d, detall\u00f3.<br>\u201cLa Polic\u00eda Local de Benalm\u00e1dena es la primera de la provincia coordinada con el centro de control del Aeropuerto de M\u00e1laga, un hito que les brinda una serie de garant\u00edas legales a los vuelos que realizar\u00e1n estos drones\u201d, destac\u00f3 el concejal de Seguridad.<br>\u201cEstos drones se van a destinar a funciones tan diversas como dar cobertura a grandes eventos, la realizaci\u00f3n de inspecciones urban\u00edsticas, refuerzo en actuaciones de emergencia, control de aspectos como los vertidos de poda irregulares o la vigilancia de nuestras calles desde el espacio a\u00e9reo\u201d, enumer\u00f3 Mar\u00edn.<\/p>\n\n\n\n<figure class=\"wp-block-image size-large\"><img fetchpriority=\"high\" decoding=\"async\" width=\"1024\" height=\"1016\" src=\"http:\/\/www.uasandalucia.es\/wp-content\/uploads\/2022\/03\/Personas_Benalmadena-1024x1016.webp\" alt=\"\" class=\"wp-image-194\" srcset=\"https:\/\/www.uasandalucia.es\/wp-content\/uploads\/2022\/03\/Personas_Benalmadena-1024x1016.webp 1024w, https:\/\/www.uasandalucia.es\/wp-content\/uploads\/2022\/03\/Personas_Benalmadena-300x298.webp 300w, https:\/\/www.uasandalucia.es\/wp-content\/uploads\/2022\/03\/Personas_Benalmadena-150x150.webp 150w, https:\/\/www.uasandalucia.es\/wp-content\/uploads\/2022\/03\/Personas_Benalmadena-768x762.webp 768w, https:\/\/www.uasandalucia.es\/wp-content\/uploads\/2022\/03\/Personas_Benalmadena.webp 1189w\" sizes=\"(max-width: 1024px) 100vw, 1024px\" \/><\/figure>\n","protected":false},"excerpt":{"rendered":"<p>15 de Diciembre de 2021 El concejal de Seguridad, Javier Mar\u00edn; y el jefe de la Polic\u00eda Local de Benalm\u00e1dena, Francisco Zamora, junto a los cinco agentes que integran la nueva Unidad \u00c1guila, presentaron ayer por la ma\u00f1ana los dos drones de vigilancia que acaban de incorporar al servicio.\u201cNuestra Polic\u00eda Local cuenta desde hoy con [&hellip;]<\/p>\n","protected":false},"author":1,"featured_media":194,"comment_status":"open","ping_status":"closed","template":"","categories":[],"newstags":[],"class_list":["post-193","news","type-news","status-publish","has-post-thumbnail","czr-hentry"],"_links":{"self":[{"href":"https:\/\/www.uasandalucia.es\/index.php\/wp-json\/wp\/v2\/news\/193","targetHints":{"allow":["GET"]}}],"collection":[{"href":"https:\/\/www.uasandalucia.es\/index.php\/wp-json\/wp\/v2\/news"}],"about":[{"href":"https:\/\/www.uasandalucia.es\/index.php\/wp-json\/wp\/v2\/types\/news"}],"author":[{"embeddable":true,"href":"https:\/\/www.uasandalucia.es\/index.php\/wp-json\/wp\/v2\/users\/1"}],"replies":[{"embeddable":true,"href":"https:\/\/www.uasandalucia.es\/index.php\/wp-json\/wp\/v2\/comments?post=193"}],"wp:featuredmedia":[{"embeddable":true,"href":"https:\/\/www.uasandalucia.es\/index.php\/wp-json\/wp\/v2\/media\/194"}],"wp:attachment":[{"href":"https:\/\/www.uasandalucia.es\/index.php\/wp-json\/wp\/v2\/media?parent=193"}],"wp:term":[{"taxonomy":"category","embeddable":true,"href":"https:\/\/www.uasandalucia.es\/index.php\/wp-json\/wp\/v2\/categories?post=193"},{"taxonomy":"newstags","embeddable":true,"href":"https:\/\/www.uasandalucia.es\/index.php\/wp-json\/wp\/v2\/newstags?post=193"}],"curies":[{"name":"wp","href":"https:\/\/api.w.org\/{rel}","templated":true}]}}