{"id":195,"date":"2022-03-30T06:39:33","date_gmt":"2022-03-30T06:39:33","guid":{"rendered":"http:\/\/www.uasandalucia.es\/?post_type=news&#038;p=195"},"modified":"2022-03-30T06:39:33","modified_gmt":"2022-03-30T06:39:33","slug":"drones-en-la-policia-local-de-mojacar-para-realizar-labores-de-vigilancia-diaria","status":"publish","type":"news","link":"https:\/\/www.uasandalucia.es\/index.php\/news\/drones-en-la-policia-local-de-mojacar-para-realizar-labores-de-vigilancia-diaria\/","title":{"rendered":"DRONES EN LA POLIC\u00cdA LOCAL DE MOJ\u00c1CAR PARA REALIZAR LABORES DE VIGILANCIA DIARIA"},"content":{"rendered":"\n<p>28 de Octubre de&nbsp;2021<\/p>\n\n\n\n<p>Los agentes se han unido a la Asociaci\u00f3n de Unidades A\u00e9reas de Seguridad de Andaluc\u00eda que tiene como fin difundir la utilidad de los drones en el \u00e1mbito de las Fuerzas y Cuerpos de Seguridad del Estado, la creaci\u00f3n de unidades operativas y dar difusi\u00f3n en los centros educativos a estas herramientas.<br>La asociaci\u00f3n se ha formalizado en la localidad sevillana de Carmona, y cuenta, en la provincia de Sevilla, con el cuerpo policial de este pueblo, adem\u00e1s del de Alcal\u00e1 de Guada\u00edra, Carmona, Castilleja de la Cuesta, Coria del R\u00edo y Espartinas. Se han unido adem\u00e1s polic\u00edas locales de Baena, Montilla, La Carlota y Posadas (C\u00f3rdoba); Arcos de la Frontera y Jerez de la Frontera (C\u00e1diz), Lepe, Ayamonte e Isla Cristina (Huelva); Benahav\u00eds (M\u00e1laga), Roquetas de Mar y\u00a0Moj\u00e1car\u00a0(Almer\u00eda).<\/p>\n\n\n\n<figure class=\"wp-block-image size-large\"><img fetchpriority=\"high\" decoding=\"async\" width=\"1024\" height=\"844\" src=\"http:\/\/www.uasandalucia.es\/wp-content\/uploads\/2022\/03\/Personas_Mojacar-1024x844.webp\" alt=\"\" class=\"wp-image-196\" srcset=\"https:\/\/www.uasandalucia.es\/wp-content\/uploads\/2022\/03\/Personas_Mojacar-1024x844.webp 1024w, https:\/\/www.uasandalucia.es\/wp-content\/uploads\/2022\/03\/Personas_Mojacar-300x247.webp 300w, https:\/\/www.uasandalucia.es\/wp-content\/uploads\/2022\/03\/Personas_Mojacar-768x633.webp 768w, https:\/\/www.uasandalucia.es\/wp-content\/uploads\/2022\/03\/Personas_Mojacar.webp 1189w\" sizes=\"(max-width: 1024px) 100vw, 1024px\" \/><\/figure>\n","protected":false},"excerpt":{"rendered":"<p>28 de Octubre de&nbsp;2021 Los agentes se han unido a la Asociaci\u00f3n de Unidades A\u00e9reas de Seguridad de Andaluc\u00eda que tiene como fin difundir la utilidad de los drones en el \u00e1mbito de las Fuerzas y Cuerpos de Seguridad del Estado, la creaci\u00f3n de unidades operativas y dar difusi\u00f3n en los centros educativos a estas [&hellip;]<\/p>\n","protected":false},"author":1,"featured_media":196,"comment_status":"open","ping_status":"closed","template":"","categories":[],"newstags":[],"class_list":["post-195","news","type-news","status-publish","has-post-thumbnail","czr-hentry"],"_links":{"self":[{"href":"https:\/\/www.uasandalucia.es\/index.php\/wp-json\/wp\/v2\/news\/195","targetHints":{"allow":["GET"]}}],"collection":[{"href":"https:\/\/www.uasandalucia.es\/index.php\/wp-json\/wp\/v2\/news"}],"about":[{"href":"https:\/\/www.uasandalucia.es\/index.php\/wp-json\/wp\/v2\/types\/news"}],"author":[{"embeddable":true,"href":"https:\/\/www.uasandalucia.es\/index.php\/wp-json\/wp\/v2\/users\/1"}],"replies":[{"embeddable":true,"href":"https:\/\/www.uasandalucia.es\/index.php\/wp-json\/wp\/v2\/comments?post=195"}],"wp:featuredmedia":[{"embeddable":true,"href":"https:\/\/www.uasandalucia.es\/index.php\/wp-json\/wp\/v2\/media\/196"}],"wp:attachment":[{"href":"https:\/\/www.uasandalucia.es\/index.php\/wp-json\/wp\/v2\/media?parent=195"}],"wp:term":[{"taxonomy":"category","embeddable":true,"href":"https:\/\/www.uasandalucia.es\/index.php\/wp-json\/wp\/v2\/categories?post=195"},{"taxonomy":"newstags","embeddable":true,"href":"https:\/\/www.uasandalucia.es\/index.php\/wp-json\/wp\/v2\/newstags?post=195"}],"curies":[{"name":"wp","href":"https:\/\/api.w.org\/{rel}","templated":true}]}}