{"id":455,"date":"2022-07-20T11:50:22","date_gmt":"2022-07-20T11:50:22","guid":{"rendered":"https:\/\/www.uasandalucia.es\/?p=455"},"modified":"2022-07-20T11:50:59","modified_gmt":"2022-07-20T11:50:59","slug":"455","status":"publish","type":"post","link":"https:\/\/www.uasandalucia.es\/index.php\/2022\/07\/20\/455\/","title":{"rendered":"CADOP 2022"},"content":{"rendered":"<p style=\"text-align: justify;\">El Primer Congreso Andaluz de Drones en Operaciones Policiales (CADOP), se celebrar\u00e1 en Benalm\u00e1dena los d\u00edas 7,8 y 9 de octubre de 2022, tendr\u00e1n como fin, conocer la normativa b\u00e1sica sobre drones, coordinaciones necesarias con los distintos proveedores del tr\u00e1nsito a\u00e9reos, la intervenci\u00f3n policial ante su uso por particulares y su utilidad en los servicios p\u00fablicos de seguridad y emergencias, as\u00ed como los requisitos para que estos los utilicen.<\/p>\n<p><a href=\"https:\/\/www.uasandalucia.es\/wp-content\/uploads\/2022\/07\/cartel-CADOP.jpg\"><img fetchpriority=\"high\" decoding=\"async\" class=\"aligncenter wp-image-458\" src=\"https:\/\/www.uasandalucia.es\/wp-content\/uploads\/2022\/07\/cartel-CADOP.jpg\" alt=\"\" width=\"800\" height=\"1600\" \/><\/a><\/p>\n<p style=\"text-align: justify;\">El Congreso se realizar\u00e1n en las instalaciones del Hotel Estival Torrequebrada 4* situado en el centro neur\u00e1lgico de Benalm\u00e1dena Costa, encontr\u00e1ndose ubicado en la Avenida del Sol n\u00ba 89, C.P. 29630 Benalm\u00e1dena Costa (M\u00e1laga), teniendo una capacidad de 1000 hu\u00e9spedes. Las clases te\u00f3ricas se llevar\u00e1n a cabo en el Sal\u00f3n de Actos del hotel referido. Las pr\u00e1cticas en las instalaciones deportivas adyacentes al hotel o la zona designada por la Unidad Condor (polic\u00eda Local de Benalm\u00e1dena). La direcci\u00f3n del Hotel ha realizado un convenio con UAS Andaluc\u00eda para que existan precios exclusivos para que la estancia de los inscritos. Los acompa\u00f1antes se beneficiar\u00e1n de un programa paralelo.<\/p>\n<p style=\"text-align: justify;\">Dentro del Congreso se incluir\u00e1 una formaci\u00f3n que tendr\u00e1 una duraci\u00f3n de 21 horas, de las cuales, te\u00f3rica presencial (9h), pr\u00e1cticas presenciales (3 h), y formaci\u00f3n en red (9h), certificadas por IESPA (Instituto de Emergencias y Seguridad P\u00fablica) de la Junta de Andaluc\u00eda.<\/p>\n<p style=\"text-align: justify;\">Los Objetivos did\u00e1cticos de esta formaci\u00f3n ser\u00e1n:<\/p>\n<ul style=\"text-align: justify;\">\n<li>Conocer los aspectos b\u00e1sicos de la normativa reguladora de los drones, tanto la de la Uni\u00f3n Europea, como su transposici\u00f3n a la normativa nacional, con especial atenci\u00f3n a los \u00faltimos cambios.<\/li>\n<li>Conocer cu\u00e1l debe ser la operativa policial ante requerimientos o detecciones de o\ufb01cio de infracciones relacionadas con el uso de los drones.<\/li>\n<li>Conocer, ante las infracciones mencionadas, qu\u00e9 documentos policiales deben cumplimentarse, as\u00ed como su procedimiento de tramitaci\u00f3n y ante qu\u00e9 \u00f3rgano.<\/li>\n<li>Conocer las posibilidades y rendimiento de los drones en vigilancia, y control del tr\u00e1fico. Y sus posibilidades en el Atestado Policial por siniestro vial.<\/li>\n<li>Conocer las posibilidades y rendimiento de los UAS en las Funciones de PL de Andaluc\u00eda, con especial atenci\u00f3n a la polic\u00eda administrativa y al tr\u00e1fico.<\/li>\n<li>Documentaci\u00f3n y procedimiento de Coordinaci\u00f3n con los diferentes ATSP para operar en CTR o zonas FIZ. Adem\u00e1s de solicitar permisos por zonas ZEPAS.<\/li>\n<li>Conocer el procedimiento de creaci\u00f3n de unidades de drones en los servicios de seguridad y emergencias de Andaluc\u00eda.<\/li>\n<li>Contenidos curriculares, detallados por cada una de las \u00e1reas de aprendizaje, asignaturas o m\u00f3dulos formativos. Se tratar\u00e1n aspectos sobre la legislaci\u00f3n a\u00e9rea, la ley de protecci\u00f3n de datos, ley de tr\u00e1fico, el C\u00f3digo Penal, y los Reglamentos Europeos de Ejecuci\u00f3n y Delegado sobre el uso de UAS.<\/li>\n<\/ul>\n<p style=\"text-align: justify;\">Organiza el Excmo. Ayuntamiento de Benalm\u00e1dena, la Asociaci\u00f3n de Unidades A\u00e9reas de Andaluc\u00eda (UAS Andaluc\u00eda) y la Unidad A\u00e9rea C\u00f3ndor de la Polic\u00eda Local de Benalm\u00e1dena adscrita a UAS Andaluc\u00eda.<\/p>\n<p style=\"text-align: justify;\">Para cualquier informaci\u00f3n e inscripci\u00f3n para CADOP 2022, p\u00f3ngase en contacto en info@uasandaluc\u00eda.es<\/p>\n<p><img decoding=\"async\" class=\"alignnone size-medium wp-image-459\" src=\"https:\/\/www.uasandalucia.es\/wp-content\/uploads\/2022\/07\/vista-aerea-300x200.jpg\" alt=\"\" width=\"300\" height=\"200\" srcset=\"https:\/\/www.uasandalucia.es\/wp-content\/uploads\/2022\/07\/vista-aerea-300x200.jpg 300w, https:\/\/www.uasandalucia.es\/wp-content\/uploads\/2022\/07\/vista-aerea.jpg 550w\" sizes=\"(max-width: 300px) 100vw, 300px\" \/> <img decoding=\"async\" class=\"alignnone size-medium wp-image-457\" src=\"https:\/\/www.uasandalucia.es\/wp-content\/uploads\/2022\/07\/807650571-300x200.jpg\" alt=\"\" width=\"300\" height=\"200\" srcset=\"https:\/\/www.uasandalucia.es\/wp-content\/uploads\/2022\/07\/807650571-300x200.jpg 300w, https:\/\/www.uasandalucia.es\/wp-content\/uploads\/2022\/07\/807650571-1024x683.jpg 1024w, https:\/\/www.uasandalucia.es\/wp-content\/uploads\/2022\/07\/807650571-768x512.jpg 768w, https:\/\/www.uasandalucia.es\/wp-content\/uploads\/2022\/07\/807650571.jpg 1280w\" sizes=\"(max-width: 300px) 100vw, 300px\" \/> <img loading=\"lazy\" decoding=\"async\" class=\"alignnone size-medium wp-image-456\" src=\"https:\/\/www.uasandalucia.es\/wp-content\/uploads\/2022\/07\/697105710-300x200.jpg\" alt=\"\" width=\"300\" height=\"200\" srcset=\"https:\/\/www.uasandalucia.es\/wp-content\/uploads\/2022\/07\/697105710-300x200.jpg 300w, https:\/\/www.uasandalucia.es\/wp-content\/uploads\/2022\/07\/697105710-1024x683.jpg 1024w, https:\/\/www.uasandalucia.es\/wp-content\/uploads\/2022\/07\/697105710-768x512.jpg 768w, https:\/\/www.uasandalucia.es\/wp-content\/uploads\/2022\/07\/697105710.jpg 1280w\" sizes=\"(max-width: 300px) 100vw, 300px\" \/><\/p>\n","protected":false},"excerpt":{"rendered":"<p>El Primer Congreso Andaluz de Drones en Operaciones Policiales (CADOP), se celebrar\u00e1 en Benalm\u00e1dena los d\u00edas 7,8 y 9 de octubre de 2022, tendr\u00e1n como fin, conocer la normativa b\u00e1sica sobre drones, coordinaciones necesarias con los distintos proveedores del tr\u00e1nsito a\u00e9reos, la intervenci\u00f3n policial ante su uso por particulares y su utilidad en los servicios [&hellip;]<\/p>\n","protected":false},"author":1,"featured_media":458,"comment_status":"open","ping_status":"open","sticky":false,"template":"","format":"standard","meta":{"footnotes":""},"categories":[6],"tags":[],"class_list":{"0":"post-455","1":"post","2":"type-post","3":"status-publish","4":"format-standard","5":"has-post-thumbnail","7":"category-blog","8":"czr-hentry"},"_links":{"self":[{"href":"https:\/\/www.uasandalucia.es\/index.php\/wp-json\/wp\/v2\/posts\/455","targetHints":{"allow":["GET"]}}],"collection":[{"href":"https:\/\/www.uasandalucia.es\/index.php\/wp-json\/wp\/v2\/posts"}],"about":[{"href":"https:\/\/www.uasandalucia.es\/index.php\/wp-json\/wp\/v2\/types\/post"}],"author":[{"embeddable":true,"href":"https:\/\/www.uasandalucia.es\/index.php\/wp-json\/wp\/v2\/users\/1"}],"replies":[{"embeddable":true,"href":"https:\/\/www.uasandalucia.es\/index.php\/wp-json\/wp\/v2\/comments?post=455"}],"version-history":[{"count":2,"href":"https:\/\/www.uasandalucia.es\/index.php\/wp-json\/wp\/v2\/posts\/455\/revisions"}],"predecessor-version":[{"id":461,"href":"https:\/\/www.uasandalucia.es\/index.php\/wp-json\/wp\/v2\/posts\/455\/revisions\/461"}],"wp:featuredmedia":[{"embeddable":true,"href":"https:\/\/www.uasandalucia.es\/index.php\/wp-json\/wp\/v2\/media\/458"}],"wp:attachment":[{"href":"https:\/\/www.uasandalucia.es\/index.php\/wp-json\/wp\/v2\/media?parent=455"}],"wp:term":[{"taxonomy":"category","embeddable":true,"href":"https:\/\/www.uasandalucia.es\/index.php\/wp-json\/wp\/v2\/categories?post=455"},{"taxonomy":"post_tag","embeddable":true,"href":"https:\/\/www.uasandalucia.es\/index.php\/wp-json\/wp\/v2\/tags?post=455"}],"curies":[{"name":"wp","href":"https:\/\/api.w.org\/{rel}","templated":true}]}}