{"id":876,"date":"2024-04-24T10:40:29","date_gmt":"2024-04-24T10:40:29","guid":{"rendered":"https:\/\/www.uasandalucia.es\/?p=876"},"modified":"2024-04-24T11:02:21","modified_gmt":"2024-04-24T11:02:21","slug":"exhibicion-medios-san-juan-de-aznalfarache-12-de-abril-de-2024","status":"publish","type":"post","link":"https:\/\/www.uasandalucia.es\/index.php\/2024\/04\/24\/exhibicion-medios-san-juan-de-aznalfarache-12-de-abril-de-2024\/","title":{"rendered":"Exhibici\u00f3n medios San Juan de Aznalfarache 12 de Abril de 2024"},"content":{"rendered":"<div class=\"xdj266r x11i5rnm xat24cr x1mh8g0r x1vvkbs x126k92a\">\n<div dir=\"auto\" style=\"text-align: justify;\">\n<p>La<a href=\"https:\/\/m.facebook.com\/profile.php?eav=AfbEM6WlUQ4VBB-h25FO1xwljdKxsGP3QcBiPpPXUIVk_xY36Z34YJ9XEetqOBMRyBA&amp;paipv=0\"> Asociaci\u00f3n de Unidades A\u00e9reas de Andaluc\u00eda<\/a> <strong>(UAS Andaluc\u00eda)<\/strong>, la Asociaci\u00f3n de Seguridad y Emergencias con RPAS <strong>(ASMERPAS)<\/strong>, unidades caninas y <strong>Polic\u00eda Local de San Juan de Aznalfarache (Sevilla)<\/strong>, participaron en los actos conmemorativos de la celebraci\u00f3n de San Hermenegildo, Patr\u00f3n de la Polic\u00eda Local de San Juan de Aznalfarache &#8211; Sevilla, el 12 de Abril del presente a\u00f1o, donde un total de m\u00e1s de 500 alumnos de 3\u00ba y 4\u00ba de todos los C.E.I.P de la localidad, pudieron disfrutar de una gran exhibici\u00f3n de medios, en el Pabell\u00f3n de Deportes del Polideportivo 1 de Mayo.<\/p>\n<\/div>\n<\/div>\n<div dir=\"auto\"><img fetchpriority=\"high\" decoding=\"async\" class=\"alignnone wp-image-879 size-full\" src=\"https:\/\/www.uasandalucia.es\/wp-content\/uploads\/2024\/04\/UAS-Andalucia-exhibicion-de-medios.jpg\" alt=\"Uas Andalucia\" width=\"1920\" height=\"1032\" srcset=\"https:\/\/www.uasandalucia.es\/wp-content\/uploads\/2024\/04\/UAS-Andalucia-exhibicion-de-medios.jpg 1920w, https:\/\/www.uasandalucia.es\/wp-content\/uploads\/2024\/04\/UAS-Andalucia-exhibicion-de-medios-300x161.jpg 300w, https:\/\/www.uasandalucia.es\/wp-content\/uploads\/2024\/04\/UAS-Andalucia-exhibicion-de-medios-1024x550.jpg 1024w, https:\/\/www.uasandalucia.es\/wp-content\/uploads\/2024\/04\/UAS-Andalucia-exhibicion-de-medios-768x413.jpg 768w, https:\/\/www.uasandalucia.es\/wp-content\/uploads\/2024\/04\/UAS-Andalucia-exhibicion-de-medios-1536x826.jpg 1536w\" sizes=\"(max-width: 1920px) 100vw, 1920px\" \/><\/div>\n<div dir=\"auto\" style=\"text-align: justify;\"><\/div>\n<div dir=\"auto\" style=\"text-align: justify;\">Tambi\u00e9n se presento la nueva <strong>Unidad UAP San Juan<\/strong> de drones de la Polic\u00eda Local, la cual ya pertenece al gran n\u00famero de Unidades a\u00e9reas de toda Andaluc\u00eda que conforman UAS Andaluc\u00eda. Agradecer las imagenes tomasdas por el compa\u00f1ero de UAS Andaluc\u00eda <strong>Gonzalo<\/strong> Agente y piloto de la Polic\u00eda Local de Chiclana (C\u00e1diz) a <strong>Francisco Rodr\u00edguez\u00a0<\/strong>Sub-Inspector de la Puebla de Cazalla (Sevilla) piloto y guia canino y a\u00a0<strong>Antonio Diaz<\/strong> presidente de ASEMERPAS y a toda su directiva, por su gran amistad y profesionalidad.<\/div>\n<div dir=\"auto\"><\/div>\n<div dir=\"auto\">\n<p><img decoding=\"async\" class=\"alignnone wp-image-881 size-full\" src=\"https:\/\/www.uasandalucia.es\/wp-content\/uploads\/2024\/04\/fotografia-grupo.jpg\" alt=\"exhibici\u00f3n de medios san juan\" width=\"2048\" height=\"1536\" srcset=\"https:\/\/www.uasandalucia.es\/wp-content\/uploads\/2024\/04\/fotografia-grupo.jpg 2048w, https:\/\/www.uasandalucia.es\/wp-content\/uploads\/2024\/04\/fotografia-grupo-300x225.jpg 300w, https:\/\/www.uasandalucia.es\/wp-content\/uploads\/2024\/04\/fotografia-grupo-1024x768.jpg 1024w, https:\/\/www.uasandalucia.es\/wp-content\/uploads\/2024\/04\/fotografia-grupo-768x576.jpg 768w, https:\/\/www.uasandalucia.es\/wp-content\/uploads\/2024\/04\/fotografia-grupo-1536x1152.jpg 1536w\" sizes=\"(max-width: 2048px) 100vw, 2048px\" \/><\/p>\n<\/div>\n","protected":false},"excerpt":{"rendered":"<p>La Asociaci\u00f3n de Unidades A\u00e9reas de Andaluc\u00eda (UAS Andaluc\u00eda), la Asociaci\u00f3n de Seguridad y Emergencias con RPAS (ASMERPAS), unidades caninas y Polic\u00eda Local de San Juan de Aznalfarache (Sevilla), participaron en los actos conmemorativos de la celebraci\u00f3n de San Hermenegildo, Patr\u00f3n de la Polic\u00eda Local de San Juan de Aznalfarache &#8211; Sevilla, el 12 de [&hellip;]<\/p>\n","protected":false},"author":1,"featured_media":877,"comment_status":"open","ping_status":"open","sticky":false,"template":"","format":"standard","meta":{"footnotes":""},"categories":[6],"tags":[],"class_list":{"0":"post-876","1":"post","2":"type-post","3":"status-publish","4":"format-standard","5":"has-post-thumbnail","7":"category-blog","8":"czr-hentry"},"_links":{"self":[{"href":"https:\/\/www.uasandalucia.es\/index.php\/wp-json\/wp\/v2\/posts\/876","targetHints":{"allow":["GET"]}}],"collection":[{"href":"https:\/\/www.uasandalucia.es\/index.php\/wp-json\/wp\/v2\/posts"}],"about":[{"href":"https:\/\/www.uasandalucia.es\/index.php\/wp-json\/wp\/v2\/types\/post"}],"author":[{"embeddable":true,"href":"https:\/\/www.uasandalucia.es\/index.php\/wp-json\/wp\/v2\/users\/1"}],"replies":[{"embeddable":true,"href":"https:\/\/www.uasandalucia.es\/index.php\/wp-json\/wp\/v2\/comments?post=876"}],"version-history":[{"count":7,"href":"https:\/\/www.uasandalucia.es\/index.php\/wp-json\/wp\/v2\/posts\/876\/revisions"}],"predecessor-version":[{"id":887,"href":"https:\/\/www.uasandalucia.es\/index.php\/wp-json\/wp\/v2\/posts\/876\/revisions\/887"}],"wp:featuredmedia":[{"embeddable":true,"href":"https:\/\/www.uasandalucia.es\/index.php\/wp-json\/wp\/v2\/media\/877"}],"wp:attachment":[{"href":"https:\/\/www.uasandalucia.es\/index.php\/wp-json\/wp\/v2\/media?parent=876"}],"wp:term":[{"taxonomy":"category","embeddable":true,"href":"https:\/\/www.uasandalucia.es\/index.php\/wp-json\/wp\/v2\/categories?post=876"},{"taxonomy":"post_tag","embeddable":true,"href":"https:\/\/www.uasandalucia.es\/index.php\/wp-json\/wp\/v2\/tags?post=876"}],"curies":[{"name":"wp","href":"https:\/\/api.w.org\/{rel}","templated":true}]}}